{"id":570,"date":"2023-07-21T09:34:02","date_gmt":"2023-07-21T07:34:02","guid":{"rendered":"https:\/\/citt-bio.madrimasd.org\/?p=570"},"modified":"2023-12-04T14:39:27","modified_gmt":"2023-12-04T12:39:27","slug":"transmisiones-2023","status":"publish","type":"post","link":"https:\/\/citt-bio.madrimasd.org\/index.php\/2023\/07\/21\/transmisiones-2023\/","title":{"rendered":"Transmisiones 2023"},"content":{"rendered":"\n<div class=\"wp-block-media-text alignwide is-stacked-on-mobile\" style=\"grid-template-columns:24% auto\"><figure class=\"wp-block-media-text__media\"><img loading=\"lazy\" decoding=\"async\" width=\"1024\" height=\"1024\" src=\"https:\/\/citt-bio.madrimasd.org\/wp-content\/uploads\/2023\/07\/CDTI-AEI-1024x1024.png\" alt=\"\" class=\"wp-image-594 size-full\" srcset=\"https:\/\/citt-bio.madrimasd.org\/wp-content\/uploads\/2023\/07\/CDTI-AEI-1024x1024.png 1024w, https:\/\/citt-bio.madrimasd.org\/wp-content\/uploads\/2023\/07\/CDTI-AEI-300x300.png 300w, https:\/\/citt-bio.madrimasd.org\/wp-content\/uploads\/2023\/07\/CDTI-AEI-150x150.png 150w, https:\/\/citt-bio.madrimasd.org\/wp-content\/uploads\/2023\/07\/CDTI-AEI-768x768.png 768w, https:\/\/citt-bio.madrimasd.org\/wp-content\/uploads\/2023\/07\/CDTI-AEI.png 1134w\" sizes=\"auto, (max-width: 1024px) 100vw, 1024px\" \/><\/figure><div class=\"wp-block-media-text__content\">\n<p><\/p>\n\n\n\n<h3 class=\"wp-block-heading\">Descripci\u00f3n<\/h3>\n\n\n\n<p class=\"has-black-color has-text-color\">Convocatoria conjunta entre el Centro para el Desarrollo Tecnol\u00f3gico y de Innovaci\u00f3n (CDTI) y la Agencia Estatal de Investigaci\u00f3n (AEI), que ofrece una oportunidad para proyectos de investigaci\u00f3n y desarrollo tecnol\u00f3gico en dos \u00e1reas clave: <strong>transici\u00f3n digital<\/strong> y <strong>transici\u00f3n verde<\/strong>. La financiaci\u00f3n se destina a <strong>agrupaciones de empresas<\/strong> y a<strong>grupaciones centros de investigaci\u00f3n<\/strong> coordinadas en un mismo proyecto.&nbsp; El presupuesto total asciende a <strong>130 M\u20ac<\/strong>, donde la AEI subvencionar\u00e1 proyectos de I+D en las l\u00edneas estrat\u00e9gicas y el CDTI subvencionar\u00e1 las misiones ciencia e innovaci\u00f3n. El plazo de presentaci\u00f3n es del <strong>3 de junio al 28 de julio<\/strong> a las 14:00h.<\/p>\n\n\n\n<div class=\"wp-block-columns is-layout-flex wp-container-core-columns-is-layout-28f84493 wp-block-columns-is-layout-flex\">\n<div class=\"wp-block-column is-layout-flow wp-block-column-is-layout-flow\">\n<div class=\"wp-block-buttons is-content-justification-center is-layout-flex wp-container-core-buttons-is-layout-a89b3969 wp-block-buttons-is-layout-flex\">\n<div class=\"wp-block-button is-style-outline is-style-outline--1\"><a class=\"wp-block-button__link wp-element-button\" href=\"https:\/\/www.cdti.es\/index.asp?MP=100&amp;MS=957&amp;MN=2\" target=\"_blank\" rel=\"noreferrer noopener\">Saber m\u00e1s<\/a><\/div>\n<\/div>\n<\/div>\n\n\n\n<div class=\"wp-block-column is-layout-flow wp-block-column-is-layout-flow\">\n<div class=\"wp-block-buttons is-content-justification-center is-layout-flex wp-container-core-buttons-is-layout-a89b3969 wp-block-buttons-is-layout-flex\">\n<div class=\"wp-block-button is-style-outline is-style-outline--2\"><a class=\"wp-block-button__link wp-element-button\" href=\"https:\/\/www.cdti.es\/index.asp?MP=100&amp;MS=957&amp;MN=2&amp;TR=C&amp;IDR=3213&amp;r=1536*864\" target=\"_blank\" rel=\"noreferrer noopener\">Convocatoria cerrada<\/a><\/div>\n<\/div>\n<\/div>\n\n\n\n<div class=\"wp-block-column is-layout-flow wp-block-column-is-layout-flow\">\n<div class=\"wp-block-buttons is-content-justification-center is-layout-flex wp-container-core-buttons-is-layout-a89b3969 wp-block-buttons-is-layout-flex\">\n<div class=\"wp-block-button is-style-fill\"><a class=\"wp-block-button__link wp-element-button\" href=\"https:\/\/firmadoc.isciii.es\/firmadoccontroller?action=download&amp;id=14\/11\/2023-a840f113b9\" target=\"_blank\" rel=\"noreferrer noopener\">Resoluci\u00f3n<\/a><\/div>\n<\/div>\n<\/div>\n<\/div>\n\n\n\n<p><\/p>\n<\/div><\/div>\n","protected":false},"excerpt":{"rendered":"<p>Convocatoria conjunta entre el CDTI y la Agencia Estatal de Investigaci\u00f3n (AEI)<\/p>\n","protected":false},"author":3,"featured_media":605,"comment_status":"closed","ping_status":"open","sticky":false,"template":"","format":"standard","meta":{"_acf_changed":false,"footnotes":""},"categories":[9],"tags":[10],"class_list":["post-570","post","type-post","status-publish","format-standard","has-post-thumbnail","hentry","category-convocatorias","tag-nacional"],"blocksy_meta":[],"acf":[],"_links":{"self":[{"href":"https:\/\/citt-bio.madrimasd.org\/index.php\/wp-json\/wp\/v2\/posts\/570","targetHints":{"allow":["GET"]}}],"collection":[{"href":"https:\/\/citt-bio.madrimasd.org\/index.php\/wp-json\/wp\/v2\/posts"}],"about":[{"href":"https:\/\/citt-bio.madrimasd.org\/index.php\/wp-json\/wp\/v2\/types\/post"}],"author":[{"embeddable":true,"href":"https:\/\/citt-bio.madrimasd.org\/index.php\/wp-json\/wp\/v2\/users\/3"}],"replies":[{"embeddable":true,"href":"https:\/\/citt-bio.madrimasd.org\/index.php\/wp-json\/wp\/v2\/comments?post=570"}],"version-history":[{"count":7,"href":"https:\/\/citt-bio.madrimasd.org\/index.php\/wp-json\/wp\/v2\/posts\/570\/revisions"}],"predecessor-version":[{"id":989,"href":"https:\/\/citt-bio.madrimasd.org\/index.php\/wp-json\/wp\/v2\/posts\/570\/revisions\/989"}],"wp:featuredmedia":[{"embeddable":true,"href":"https:\/\/citt-bio.madrimasd.org\/index.php\/wp-json\/wp\/v2\/media\/605"}],"wp:attachment":[{"href":"https:\/\/citt-bio.madrimasd.org\/index.php\/wp-json\/wp\/v2\/media?parent=570"}],"wp:term":[{"taxonomy":"category","embeddable":true,"href":"https:\/\/citt-bio.madrimasd.org\/index.php\/wp-json\/wp\/v2\/categories?post=570"},{"taxonomy":"post_tag","embeddable":true,"href":"https:\/\/citt-bio.madrimasd.org\/index.php\/wp-json\/wp\/v2\/tags?post=570"}],"curies":[{"name":"wp","href":"https:\/\/api.w.org\/{rel}","templated":true}]}}