{"id":571,"date":"2023-07-20T19:13:37","date_gmt":"2023-07-20T17:13:37","guid":{"rendered":"https:\/\/citt-bio.madrimasd.org\/?p=571"},"modified":"2023-12-04T14:40:11","modified_gmt":"2023-12-04T12:40:11","slug":"convocatoria-fortalece-2","status":"publish","type":"post","link":"https:\/\/citt-bio.madrimasd.org\/index.php\/2023\/07\/20\/convocatoria-fortalece-2\/","title":{"rendered":"Convocatoria FORTALECE"},"content":{"rendered":"\n<div class=\"wp-block-media-text alignwide is-stacked-on-mobile\" style=\"grid-template-columns:24% auto\"><figure class=\"wp-block-media-text__media\"><img loading=\"lazy\" decoding=\"async\" width=\"1024\" height=\"1024\" src=\"https:\/\/citt-bio.madrimasd.org\/wp-content\/uploads\/2023\/07\/instituto-carlos-III-1024x1024.png\" alt=\"\" class=\"wp-image-566 size-full\" srcset=\"https:\/\/citt-bio.madrimasd.org\/wp-content\/uploads\/2023\/07\/instituto-carlos-III-1024x1024.png 1024w, https:\/\/citt-bio.madrimasd.org\/wp-content\/uploads\/2023\/07\/instituto-carlos-III-300x300.png 300w, https:\/\/citt-bio.madrimasd.org\/wp-content\/uploads\/2023\/07\/instituto-carlos-III-150x150.png 150w, https:\/\/citt-bio.madrimasd.org\/wp-content\/uploads\/2023\/07\/instituto-carlos-III-768x768.png 768w, https:\/\/citt-bio.madrimasd.org\/wp-content\/uploads\/2023\/07\/instituto-carlos-III.png 1134w\" sizes=\"auto, (max-width: 1024px) 100vw, 1024px\" \/><\/figure><div class=\"wp-block-media-text__content\">\n<p><\/p>\n\n\n\n<h3 class=\"wp-block-heading\">Descripci\u00f3n<\/h3>\n\n\n\n<p>Este programa de financiaci\u00f3n, dirigido a <strong>Institutos de Investigaci\u00f3n Sanitaria (IIS) <\/strong>acreditados por el ISCIII, pretende ayudar a los IIS a <strong>fortalecer sus l\u00edneas de investigaci\u00f3n e innovaci\u00f3n ya existentes<\/strong> y <strong>promover el desarrollo equilibrado de sus grupos de investigaci\u00f3n consolidados<\/strong>. Una vez finalizada la llamada de inter\u00e9s (propuestas elaboradas por los IIS), se definir\u00e1n cu\u00e1les ser\u00e1n las l\u00edneas de actuaci\u00f3n que se incluir\u00e1n en el programa. Las prioridades de la convocatoria de este a\u00f1o son el envejecimiento y las enfermedades cr\u00f3nicas (entre ellas oncol\u00f3gicas).<\/p>\n\n\n\n<p>Por cada IIS se propondr\u00e1n <strong>seis grupos de investigaci\u00f3n<\/strong> en el que al menos un grupo debe liderar proyectos con financiaci\u00f3n de la UE, al menos dos deben de ser emergentes y todos deben disponer de financiaci\u00f3n activa en el momento de la solicitud. El programa comenzar\u00e1 con una <strong>prueba piloto<\/strong>, con un presupuesto de <strong>30 M\u20ac<\/strong>, en la que se financiar\u00e1n 2,5 M\u20ac por centro distribuidos en 4 a\u00f1os.<\/p>\n\n\n\n<p>El plazo de presentaci\u00f3n es del <strong>27 de julio al 12 de septiembre de 2023<\/strong>, con la previsi\u00f3n de que se inicie en enero de 2024.<\/p>\n\n\n\n<div class=\"wp-block-columns is-layout-flex wp-container-core-columns-is-layout-28f84493 wp-block-columns-is-layout-flex\">\n<div class=\"wp-block-column is-layout-flow wp-block-column-is-layout-flow\">\n<div class=\"wp-block-buttons is-content-justification-center is-layout-flex wp-container-core-buttons-is-layout-a89b3969 wp-block-buttons-is-layout-flex\">\n<div class=\"wp-block-button is-style-outline is-style-outline--1\"><a class=\"wp-block-button__link wp-element-button\" href=\"http:\/\/citt-bio.madrimasd.org\/wp-content\/uploads\/2023\/07\/Convocatoria_FORTALECE_2023.pdf\" target=\"_blank\" rel=\"noreferrer noopener\">Saber m\u00e1s<\/a><\/div>\n<\/div>\n<\/div>\n\n\n\n<div class=\"wp-block-column is-layout-flow wp-block-column-is-layout-flow\">\n<div class=\"wp-block-buttons is-content-justification-center is-layout-flex wp-container-core-buttons-is-layout-a89b3969 wp-block-buttons-is-layout-flex\">\n<div class=\"wp-block-button is-style-outline is-style-outline--2\"><a class=\"wp-block-button__link wp-element-button\" href=\"https:\/\/www.isciii.es\/QueHacemos\/Financiacion\/solicitudes\/Paginas\/default.aspx\" target=\"_blank\" rel=\"noreferrer noopener\">Convocatoria<\/a><\/div>\n<\/div>\n<\/div>\n\n\n\n<div class=\"wp-block-column is-layout-flow wp-block-column-is-layout-flow\">\n<div class=\"wp-block-buttons is-content-justification-center is-layout-flex wp-container-core-buttons-is-layout-a89b3969 wp-block-buttons-is-layout-flex\">\n<div class=\"wp-block-button is-style-fill\"><a class=\"wp-block-button__link wp-element-button\" href=\"https:\/\/firmadoc.isciii.es\/firmadoccontroller?action=download&amp;id=28\/11\/2023-f47d00e5ae\" target=\"_blank\" rel=\"noreferrer noopener\">Resoluci\u00f3n<\/a><\/div>\n<\/div>\n<\/div>\n<\/div>\n<\/div><\/div>\n\n\n\n<figure class=\"wp-block-embed is-type-video is-provider-youtube wp-block-embed-youtube wp-embed-aspect-16-9 wp-has-aspect-ratio\"><div class=\"wp-block-embed__wrapper\">\n<iframe loading=\"lazy\" title=\"Convocatoria FORTALECE (IIS) y PLATAFORMAS (I+D+I en Biomedicina y Ciencias de la Salud)\" width=\"1290\" height=\"726\" src=\"https:\/\/www.youtube.com\/embed\/328KLKu83W8?feature=oembed\" frameborder=\"0\" allow=\"accelerometer; autoplay; clipboard-write; encrypted-media; gyroscope; picture-in-picture; web-share\" allowfullscreen><\/iframe>\n<\/div><\/figure>\n","protected":false},"excerpt":{"rendered":"<p>Programa para fortalecer las l\u00edneas de investigaci\u00f3n e innovaci\u00f3n de los Institutos de Investigaci\u00f3n Sanitaria<\/p>\n","protected":false},"author":3,"featured_media":601,"comment_status":"closed","ping_status":"open","sticky":false,"template":"","format":"standard","meta":{"_acf_changed":false,"footnotes":""},"categories":[9],"tags":[10],"class_list":["post-571","post","type-post","status-publish","format-standard","has-post-thumbnail","hentry","category-convocatorias","tag-nacional"],"blocksy_meta":[],"acf":[],"_links":{"self":[{"href":"https:\/\/citt-bio.madrimasd.org\/index.php\/wp-json\/wp\/v2\/posts\/571","targetHints":{"allow":["GET"]}}],"collection":[{"href":"https:\/\/citt-bio.madrimasd.org\/index.php\/wp-json\/wp\/v2\/posts"}],"about":[{"href":"https:\/\/citt-bio.madrimasd.org\/index.php\/wp-json\/wp\/v2\/types\/post"}],"author":[{"embeddable":true,"href":"https:\/\/citt-bio.madrimasd.org\/index.php\/wp-json\/wp\/v2\/users\/3"}],"replies":[{"embeddable":true,"href":"https:\/\/citt-bio.madrimasd.org\/index.php\/wp-json\/wp\/v2\/comments?post=571"}],"version-history":[{"count":9,"href":"https:\/\/citt-bio.madrimasd.org\/index.php\/wp-json\/wp\/v2\/posts\/571\/revisions"}],"predecessor-version":[{"id":990,"href":"https:\/\/citt-bio.madrimasd.org\/index.php\/wp-json\/wp\/v2\/posts\/571\/revisions\/990"}],"wp:featuredmedia":[{"embeddable":true,"href":"https:\/\/citt-bio.madrimasd.org\/index.php\/wp-json\/wp\/v2\/media\/601"}],"wp:attachment":[{"href":"https:\/\/citt-bio.madrimasd.org\/index.php\/wp-json\/wp\/v2\/media?parent=571"}],"wp:term":[{"taxonomy":"category","embeddable":true,"href":"https:\/\/citt-bio.madrimasd.org\/index.php\/wp-json\/wp\/v2\/categories?post=571"},{"taxonomy":"post_tag","embeddable":true,"href":"https:\/\/citt-bio.madrimasd.org\/index.php\/wp-json\/wp\/v2\/tags?post=571"}],"curies":[{"name":"wp","href":"https:\/\/api.w.org\/{rel}","templated":true}]}}