{"id":653,"date":"2023-08-25T11:52:36","date_gmt":"2023-08-25T09:52:36","guid":{"rendered":"https:\/\/citt-bio.madrimasd.org\/?p=653"},"modified":"2023-08-25T11:52:37","modified_gmt":"2023-08-25T09:52:37","slug":"ayudas-cervera-para-centros-tecnologicos","status":"publish","type":"post","link":"https:\/\/citt-bio.madrimasd.org\/index.php\/2023\/08\/25\/ayudas-cervera-para-centros-tecnologicos\/","title":{"rendered":"Ayudas Cervera para Centros Tecnol\u00f3gicos"},"content":{"rendered":"\n<div class=\"wp-block-media-text alignwide is-stacked-on-mobile\" style=\"grid-template-columns:24% auto\"><figure class=\"wp-block-media-text__media\"><img loading=\"lazy\" decoding=\"async\" width=\"1024\" height=\"465\" src=\"https:\/\/citt-bio.madrimasd.org\/wp-content\/uploads\/2023\/08\/Logo_CDTI2.svg_-1024x465.png\" alt=\"\" class=\"wp-image-654 size-full\" srcset=\"https:\/\/citt-bio.madrimasd.org\/wp-content\/uploads\/2023\/08\/Logo_CDTI2.svg_-1024x465.png 1024w, https:\/\/citt-bio.madrimasd.org\/wp-content\/uploads\/2023\/08\/Logo_CDTI2.svg_-300x136.png 300w, https:\/\/citt-bio.madrimasd.org\/wp-content\/uploads\/2023\/08\/Logo_CDTI2.svg_-768x349.png 768w, https:\/\/citt-bio.madrimasd.org\/wp-content\/uploads\/2023\/08\/Logo_CDTI2.svg_.png 1200w\" sizes=\"auto, (max-width: 1024px) 100vw, 1024px\" \/><\/figure><div class=\"wp-block-media-text__content\">\n<p><\/p>\n\n\n\n<h3 class=\"wp-block-heading\">Descripci\u00f3n<\/h3>\n\n\n\n<p>Esta convocatoria est\u00e1 dirigida a Agrupaciones de 3 a 5 <strong>Centros Tecnol\u00f3gicos<\/strong> y\/o <strong>Centros de Apoyo a la Innovaci\u00f3n Tecnol\u00f3gica<\/strong> con el objetivo de ayudar a la realizaci\u00f3n de programas estrat\u00e9gicos de investigaci\u00f3n, desarrollo e innovaci\u00f3n en cooperaci\u00f3n. Los programas deben centrarse en una de las tecnolog\u00edas prioritarias Cervera, siendo una de ellas las tecnolog\u00edas para la salud.<\/p>\n\n\n\n<p>El presupuesto de la convocatoria es de <strong>40 M\u20ac<\/strong>, y los programas deber\u00e1n tener un presupuesto entre 2 y 3,5 M\u20ac. Se \u00a0financiaran aquellas actividades que sean necesarias para la consecuci\u00f3n de los objetivos establecidos en los programas estrat\u00e9gicos de I+D+I presentados, y se podr\u00e1 subvencionar hasta el 100% del mismo. Adem\u00e1s, la obtenci\u00f3n de la ayuda supondr\u00e1 la acreditaci\u00f3n del beneficiario como \u201c<strong>Centro de Excelencia Cervera<\/strong>\u201d.<\/p>\n\n\n\n<p>El plazo de presentaci\u00f3n finaliza el <strong>21 de septiembre<\/strong> de 2023 a las 12:00 horas, hora peninsular.<\/p>\n\n\n\n<div class=\"wp-block-columns is-layout-flex wp-container-core-columns-is-layout-28f84493 wp-block-columns-is-layout-flex\">\n<div class=\"wp-block-column is-layout-flow wp-block-column-is-layout-flow\">\n<div class=\"wp-block-buttons is-content-justification-center is-layout-flex wp-container-core-buttons-is-layout-a89b3969 wp-block-buttons-is-layout-flex\">\n<div class=\"wp-block-button is-style-outline is-style-outline--1\"><a class=\"wp-block-button__link wp-element-button\" href=\"https:\/\/www.cdti.es\/index.asp?MP=100&amp;MS=884&amp;MN=2&amp;TR=C&amp;IDR=3216&amp;r=1536*864\" target=\"_blank\" rel=\"noreferrer noopener\">Saber m\u00e1s<\/a><\/div>\n<\/div>\n<\/div>\n\n\n\n<div class=\"wp-block-column is-layout-flow wp-block-column-is-layout-flow\">\n<div class=\"wp-block-buttons is-content-justification-center is-layout-flex wp-container-core-buttons-is-layout-a89b3969 wp-block-buttons-is-layout-flex\">\n<div class=\"wp-block-button is-style-outline is-style-outline--2\"><a class=\"wp-block-button__link wp-element-button\" href=\"https:\/\/www.cdti.es\/recursos\/doc\/Programas\/Financiacion_CDTI\/Red_Cervera\/6028_147147202391630.pdf\" target=\"_blank\" rel=\"noreferrer noopener\">Convocatoria<\/a><\/div>\n<\/div>\n<\/div>\n<\/div>\n\n\n\n<p><\/p>\n<\/div><\/div>\n","protected":false},"excerpt":{"rendered":"<p>Convocatoria destinada a Agrupaciones de Centros Tecnol\u00f3gicos y\/o Centros de Apoyo a la Innovaci\u00f3n Tecnol\u00f3gica de \u00e1mbito estatal inscritos en el Registro de Centros Tecnol\u00f3gicos.<\/p>\n","protected":false},"author":3,"featured_media":656,"comment_status":"closed","ping_status":"open","sticky":false,"template":"","format":"standard","meta":{"_acf_changed":false,"footnotes":""},"categories":[9],"tags":[10],"class_list":["post-653","post","type-post","status-publish","format-standard","has-post-thumbnail","hentry","category-convocatorias","tag-nacional"],"blocksy_meta":[],"acf":[],"_links":{"self":[{"href":"https:\/\/citt-bio.madrimasd.org\/index.php\/wp-json\/wp\/v2\/posts\/653","targetHints":{"allow":["GET"]}}],"collection":[{"href":"https:\/\/citt-bio.madrimasd.org\/index.php\/wp-json\/wp\/v2\/posts"}],"about":[{"href":"https:\/\/citt-bio.madrimasd.org\/index.php\/wp-json\/wp\/v2\/types\/post"}],"author":[{"embeddable":true,"href":"https:\/\/citt-bio.madrimasd.org\/index.php\/wp-json\/wp\/v2\/users\/3"}],"replies":[{"embeddable":true,"href":"https:\/\/citt-bio.madrimasd.org\/index.php\/wp-json\/wp\/v2\/comments?post=653"}],"version-history":[{"count":2,"href":"https:\/\/citt-bio.madrimasd.org\/index.php\/wp-json\/wp\/v2\/posts\/653\/revisions"}],"predecessor-version":[{"id":657,"href":"https:\/\/citt-bio.madrimasd.org\/index.php\/wp-json\/wp\/v2\/posts\/653\/revisions\/657"}],"wp:featuredmedia":[{"embeddable":true,"href":"https:\/\/citt-bio.madrimasd.org\/index.php\/wp-json\/wp\/v2\/media\/656"}],"wp:attachment":[{"href":"https:\/\/citt-bio.madrimasd.org\/index.php\/wp-json\/wp\/v2\/media?parent=653"}],"wp:term":[{"taxonomy":"category","embeddable":true,"href":"https:\/\/citt-bio.madrimasd.org\/index.php\/wp-json\/wp\/v2\/categories?post=653"},{"taxonomy":"post_tag","embeddable":true,"href":"https:\/\/citt-bio.madrimasd.org\/index.php\/wp-json\/wp\/v2\/tags?post=653"}],"curies":[{"name":"wp","href":"https:\/\/api.w.org\/{rel}","templated":true}]}}