{"id":663,"date":"2023-08-25T12:14:35","date_gmt":"2023-08-25T10:14:35","guid":{"rendered":"https:\/\/citt-bio.madrimasd.org\/?p=663"},"modified":"2023-12-04T14:44:31","modified_gmt":"2023-12-04T12:44:31","slug":"proyectos-de-id-de-transferencia-tecnologica-cervera","status":"publish","type":"post","link":"https:\/\/citt-bio.madrimasd.org\/index.php\/2023\/08\/25\/proyectos-de-id-de-transferencia-tecnologica-cervera\/","title":{"rendered":"Proyectos de I+D de Transferencia Tecnol\u00f3gica \u201cCervera\u201d"},"content":{"rendered":"\n<div class=\"wp-block-media-text alignwide is-stacked-on-mobile\" style=\"grid-template-columns:24% auto\"><figure class=\"wp-block-media-text__media\"><img loading=\"lazy\" decoding=\"async\" width=\"1024\" height=\"465\" src=\"https:\/\/citt-bio.madrimasd.org\/wp-content\/uploads\/2023\/08\/Logo_CDTI2.svg_-1024x465.png\" alt=\"\" class=\"wp-image-654 size-full\" srcset=\"https:\/\/citt-bio.madrimasd.org\/wp-content\/uploads\/2023\/08\/Logo_CDTI2.svg_-1024x465.png 1024w, https:\/\/citt-bio.madrimasd.org\/wp-content\/uploads\/2023\/08\/Logo_CDTI2.svg_-300x136.png 300w, https:\/\/citt-bio.madrimasd.org\/wp-content\/uploads\/2023\/08\/Logo_CDTI2.svg_-768x349.png 768w, https:\/\/citt-bio.madrimasd.org\/wp-content\/uploads\/2023\/08\/Logo_CDTI2.svg_.png 1200w\" sizes=\"auto, (max-width: 1024px) 100vw, 1024px\" \/><\/figure><div class=\"wp-block-media-text__content\">\n<p><\/p>\n\n\n\n<h3 class=\"wp-block-heading\">Descripci\u00f3n<\/h3>\n\n\n\n<p>Dirigida a <strong>PYMES y empresas de media capitalizaci\u00f3n<\/strong> (MIDCAPs) con el objetivo de fortalecer sus capacidades de innovaci\u00f3n mediante la contrataci\u00f3n de actividades de I+D a centros generadores de conocimiento o la ejecuci\u00f3n de proyectos de I+D en colaboraci\u00f3n con ellos. Los proyectos deben desarrollarse de forma individual en una de las tecnolog\u00edas prioritarias Cervera, como lo son las tecnolog\u00edas para la salud.<\/p>\n\n\n\n<p>El presupuesto m\u00ednimo financiable del proyecto es <strong>175.000\u20ac<\/strong> y la ayuda, parcialmente reembolsable, puede ser de hasta el 90% del presupuesto total aprobado (si no supera los l\u00edmites establecidos en cada comunidad). Los proyectos tendr\u00e1n una duraci\u00f3n de 12 a 36 meses y los centros generadores de conocimiento deben tener una participaci\u00f3n superior a 10% del total del presupuesto. <\/p>\n\n\n\n<p>La convocatoria estar\u00e1 <strong>abierta<\/strong> para su aplicaci\u00f3n todo el a\u00f1o.<\/p>\n\n\n\n<div class=\"wp-block-columns is-layout-flex wp-container-core-columns-is-layout-28f84493 wp-block-columns-is-layout-flex\">\n<div class=\"wp-block-column is-layout-flow wp-block-column-is-layout-flow\">\n<div class=\"wp-block-buttons is-content-justification-center is-layout-flex wp-container-core-buttons-is-layout-a89b3969 wp-block-buttons-is-layout-flex\">\n<div class=\"wp-block-button is-style-outline is-style-outline--1\"><a class=\"wp-block-button__link wp-element-button\" href=\"https:\/\/www.cdti.es\/index.asp?MP=100&amp;MS=881&amp;MN=2\" target=\"_blank\" rel=\"noreferrer noopener\">Saber m\u00e1s<\/a><\/div>\n<\/div>\n<\/div>\n\n\n\n<div class=\"wp-block-column is-layout-flow wp-block-column-is-layout-flow\">\n<div class=\"wp-block-buttons is-content-justification-center is-layout-flex wp-container-core-buttons-is-layout-a89b3969 wp-block-buttons-is-layout-flex\">\n<div class=\"wp-block-button is-style-outline is-style-outline--2\"><a class=\"wp-block-button__link wp-element-button\" href=\"https:\/\/www.cdti.es\/recursos\/doc\/Programas\/Financiacion_CDTI\/Red_Cervera\/12082_2442442023125636.pdf\" target=\"_blank\" rel=\"noreferrer noopener\">Convocatoria cerrada<\/a><\/div>\n<\/div>\n<\/div>\n<\/div>\n\n\n\n<p><\/p>\n<\/div><\/div>\n","protected":false},"excerpt":{"rendered":"<p>Convocatoria destinada a PYMES y empresas de mediana capitalizaci\u00f3n (MIDCAPS).<\/p>\n","protected":false},"author":3,"featured_media":656,"comment_status":"closed","ping_status":"open","sticky":false,"template":"","format":"standard","meta":{"_acf_changed":false,"footnotes":""},"categories":[9],"tags":[10],"class_list":["post-663","post","type-post","status-publish","format-standard","has-post-thumbnail","hentry","category-convocatorias","tag-nacional"],"blocksy_meta":[],"acf":[],"_links":{"self":[{"href":"https:\/\/citt-bio.madrimasd.org\/index.php\/wp-json\/wp\/v2\/posts\/663","targetHints":{"allow":["GET"]}}],"collection":[{"href":"https:\/\/citt-bio.madrimasd.org\/index.php\/wp-json\/wp\/v2\/posts"}],"about":[{"href":"https:\/\/citt-bio.madrimasd.org\/index.php\/wp-json\/wp\/v2\/types\/post"}],"author":[{"embeddable":true,"href":"https:\/\/citt-bio.madrimasd.org\/index.php\/wp-json\/wp\/v2\/users\/3"}],"replies":[{"embeddable":true,"href":"https:\/\/citt-bio.madrimasd.org\/index.php\/wp-json\/wp\/v2\/comments?post=663"}],"version-history":[{"count":2,"href":"https:\/\/citt-bio.madrimasd.org\/index.php\/wp-json\/wp\/v2\/posts\/663\/revisions"}],"predecessor-version":[{"id":991,"href":"https:\/\/citt-bio.madrimasd.org\/index.php\/wp-json\/wp\/v2\/posts\/663\/revisions\/991"}],"wp:featuredmedia":[{"embeddable":true,"href":"https:\/\/citt-bio.madrimasd.org\/index.php\/wp-json\/wp\/v2\/media\/656"}],"wp:attachment":[{"href":"https:\/\/citt-bio.madrimasd.org\/index.php\/wp-json\/wp\/v2\/media?parent=663"}],"wp:term":[{"taxonomy":"category","embeddable":true,"href":"https:\/\/citt-bio.madrimasd.org\/index.php\/wp-json\/wp\/v2\/categories?post=663"},{"taxonomy":"post_tag","embeddable":true,"href":"https:\/\/citt-bio.madrimasd.org\/index.php\/wp-json\/wp\/v2\/tags?post=663"}],"curies":[{"name":"wp","href":"https:\/\/api.w.org\/{rel}","templated":true}]}}